{"id":23519,"date":"2026-04-28T09:30:31","date_gmt":"2026-04-28T09:30:31","guid":{"rendered":"https:\/\/institutoanatorres.com\/?p=23519"},"modified":"2026-04-28T09:31:53","modified_gmt":"2026-04-28T09:31:53","slug":"lifting-facial-en-barcelona","status":"publish","type":"post","link":"https:\/\/institutoanatorres.com\/cat\/lifting-facial-en-barcelona","title":{"rendered":"Lifting facial en Barcelona: qu\u00e9 es, cu\u00e1ndo est\u00e1 indicado y qu\u00e9 resultados puedes esperar"},"content":{"rendered":"<p><\/p>\n\n\n\n<p>El lifting facial en Barcelona es uno de los procedimientos m\u00e1s efectivos para tratar la flacidez del rostro y del cuello. Sin embargo, sigue generando muchas dudas en pacientes que buscan un resultado natural y acorde con su edad.<\/p>\n\n\n\n<p>En el Instituto Dra. Ana Torres abordamos el lifting facial desde un enfoque m\u00e9dico y personalizado, donde el objetivo no es \u201ccambiar el rostro\u201d, sino rejuvenecerlo respetando su armon\u00eda.<\/p>\n\n\n\n<h2 class=\"wp-block-heading\"><strong>\u00bfQu\u00e9 es un lifting facial y cu\u00e1ndo est\u00e1 recomendado?<\/strong><\/h2>\n\n\n\n<p>El lifting facial o ritidectom\u00eda es un procedimiento de cirug\u00eda est\u00e9tica dise\u00f1ado para rejuvenecer el rostro y el cuello, reduciendo la flacidez y los signos visibles del envejecimiento.<\/p>\n\n\n\n<p>El lifting consiste en recolocar los tejidos faciales, la piel y los m\u00fasculos que se han descolgado con el paso del tiempo, eliminando el exceso de piel y tensando el SMAS o fascia que cubre la musculatura facial.<\/p>\n\n\n\n<p>El objetivo no es cambiar tus rasgos, sino devolverle al rostro un aspecto m\u00e1s firme, descansado y fresco, manteniendo siempre la armon\u00eda y la naturalidad.<\/p>\n\n\n\n<p>Este tratamiento est\u00e1 recomendado cuando aparecen signos claros de envejecimiento estructural que no pueden corregirse \u00fanicamente con medicina est\u00e9tica.<\/p>\n\n\n\n<h2 class=\"wp-block-heading\"><strong>\u00bfQui\u00e9n es el candidato ideal para un lifting facial en Barcelona?<\/strong><\/h2>\n\n\n\n<p>El candidato ideal para un lifting facial en Barcelona no se define solo por la edad, sino por una combinaci\u00f3n de factores f\u00edsicos, expectativas y estado de salud.<\/p>\n\n\n\n<p>Si presentas piel descolgada en mejillas y mand\u00edbula, p\u00e9rdida de definici\u00f3n del \u00f3valo facial, papada o flacidez en el cuello, es probable que el lifting pueda mejorar tu aspecto.<\/p>\n\n\n\n<p>Otro factor importante es la calidad de la piel. La piel debe tener una cierta elasticidad, ya que una buena calidad cut\u00e1nea permite obtener resultados m\u00e1s duraderos y naturales.<\/p>\n\n\n\n<p>Tambi\u00e9n es clave que el paciente tenga expectativas realistas y busque un resultado natural, no un cambio radical.<\/p>\n\n\n\n<h2 class=\"wp-block-heading\"><strong>\u00bfQu\u00e9 tipos de lifting facial existen?<\/strong><\/h2>\n\n\n\n<figure class=\"wp-block-embed is-type-video is-provider-youtube wp-block-embed-youtube wp-embed-aspect-16-9 wp-has-aspect-ratio\"><div class=\"wp-block-embed__wrapper\">\n<iframe title=\"Lifting facial - Instituto Dra. Ana Torres Barcelona\" width=\"800\" height=\"450\" src=\"https:\/\/www.youtube.com\/embed\/0rn-tRVYzmY?list=PL2vDzjXDD7MYlY1h5blEhmyCJu0lrkeHO\" frameborder=\"0\" allow=\"accelerometer; autoplay; clipboard-write; encrypted-media; gyroscope; picture-in-picture; web-share\" referrerpolicy=\"strict-origin-when-cross-origin\" allowfullscreen><\/iframe>\n<\/div><\/figure>\n\n\n\n<p>Dentro de la cirug\u00eda de lifting facial en Barcelona existen diferentes t\u00e9cnicas en funci\u00f3n del grado de flacidez y de las zonas a tratar.<\/p>\n\n\n\n<ul class=\"wp-block-list\">\n<li>Si se desea mejorar tanto el rostro como el cuello, lo m\u00e1s adecuado suele ser un lifting completo. Este tipo de intervenci\u00f3n permite actuar sobre toda la estructura facial y conseguir un resultado m\u00e1s global.<\/li>\n<\/ul>\n\n\n\n<ul class=\"wp-block-list\">\n<li>Cuando el grado de envejecimiento es menor, se puede optar por un minilifting. Es una t\u00e9cnica menos extensa, indicada en pacientes con flacidez moderada que buscan un resultado m\u00e1s sutil.<\/li>\n<\/ul>\n\n\n\n<ul class=\"wp-block-list\">\n<li>En casos en los que la flacidez est\u00e1 centrada en el cuello, con p\u00e9rdida de definici\u00f3n mandibular, se recomienda un lifting de cuello o de tercio inferior del rostro.<\/li>\n<\/ul>\n\n\n\n<p>La elecci\u00f3n de estas u otras t\u00e9cnicas no depende de una preferencia est\u00e9tica, sino de una valoraci\u00f3n m\u00e9dica individualizada.<\/p>\n\n\n\n<h2 class=\"wp-block-heading\"><strong>\u00bfQu\u00e9 resultados se pueden esperar de un lifting facial en Barcelona?<\/strong><\/h2>\n\n\n\n<p>El resultado de un lifting bien realizado no es un rostro estirado ni artificial, sino una versi\u00f3n m\u00e1s joven del propio paciente.<\/p>\n\n\n\n<p>Se consigue una mejora en la firmeza, una redefinici\u00f3n del \u00f3valo facial y una reducci\u00f3n visible de la flacidez. El rostro se ve m\u00e1s descansado, m\u00e1s fresco y m\u00e1s arm\u00f3nico.<\/p>\n\n\n\n<p>Uno de los aspectos m\u00e1s importantes del lifting facial en Barcelona es que el resultado sea natural. El objetivo no es que se note la cirug\u00eda, sino que el paciente se vea mejor sin que los dem\u00e1s identifiquen exactamente por qu\u00e9.<\/p>\n\n\n\n<h2 class=\"wp-block-heading\"><strong>\u00bfTiene riesgos un lifting facial?<\/strong><\/h2>\n\n\n\n<p>Como cualquier intervenci\u00f3n quir\u00fargica, el lifting facial tiene riesgos, aunque estos se minimizan cuando la cirug\u00eda es realizada por un especialista cualificado.<\/p>\n\n\n\n<p>Es fundamental no tener enfermedades graves que puedan aumentar el riesgo quir\u00fargico o anest\u00e9sico.<\/p>\n\n\n\n<p>Tambi\u00e9n es muy importante no fumar. El tabaco afecta a la circulaci\u00f3n perif\u00e9rica, lo que puede alterar la cicatrizaci\u00f3n y comprometer el resultado final. Lo ideal es dejar de fumar al menos un mes antes de la cirug\u00eda y no retomar el h\u00e1bito hasta seis semanas despu\u00e9s.<\/p>\n\n\n\n<p>Antes de la intervenci\u00f3n, el cirujano pl\u00e1stico debe explicar que pueden existir complicaciones como hematomas o, en casos poco frecuentes, lesiones nerviosas del nervio facial. En nuestra pr\u00e1ctica, estos riesgos se minimizan utilizando lupas de microcirug\u00eda y sistemas de reconocimiento nervioso.<\/p>\n\n\n\n<h2 class=\"wp-block-heading\"><strong>\u00bfC\u00f3mo es la recuperaci\u00f3n tras un lifting facial?<\/strong><\/h2>\n\n\n\n<figure class=\"wp-block-embed is-type-video is-provider-youtube wp-block-embed-youtube wp-embed-aspect-4-3 wp-has-aspect-ratio\"><div class=\"wp-block-embed__wrapper\">\n<iframe title=\"Postoperatorio Lifting - Instituto Dra. Ana Torres Barcelona\" width=\"800\" height=\"600\" src=\"https:\/\/www.youtube.com\/embed\/YHJut7-e-EI?list=PL2vDzjXDD7MYlY1h5blEhmyCJu0lrkeHO\" frameborder=\"0\" allow=\"accelerometer; autoplay; clipboard-write; encrypted-media; gyroscope; picture-in-picture; web-share\" referrerpolicy=\"strict-origin-when-cross-origin\" allowfullscreen><\/iframe>\n<\/div><\/figure>\n\n\n\n<p>La recuperaci\u00f3n tras un lifting facial en Barcelona requiere aproximadamente tres semanas, aunque esto puede variar seg\u00fan cada paciente.<\/p>\n\n\n\n<p>Durante los primeros d\u00edas es normal presentar inflamaci\u00f3n y sensaci\u00f3n de tirantez. Este edema ir\u00e1 disminuyendo progresivamente. A medida que avanza la recuperaci\u00f3n, se retiran los puntos y el paciente puede ir retomando su actividad habitual.<\/p>\n\n\n\n<p>El seguimiento m\u00e9dico es fundamental durante este proceso para asegurar una correcta evoluci\u00f3n y resolver cualquier duda que pueda surgir.<\/p>\n\n\n\n<h2 class=\"wp-block-heading\"><strong>\u00bfSe puede combinar el lifting facial en Barcelona con otros tratamientos?<\/strong><\/h2>\n\n\n\n<p>S\u00ed. De hecho, en muchos casos el lifting facial se combina con tratamientos de medicina est\u00e9tica o regenerativa para mejorar la calidad de la piel.<\/p>\n\n\n\n<p>Mientras que el lifting act\u00faa sobre la estructura, estos tratamientos complementarios ayudan a mejorar la textura, la luminosidad y el estado general de la piel, consiguiendo un resultado m\u00e1s completo.<\/p>\n\n\n\n<h2 class=\"wp-block-heading\"><strong>\u00bfQu\u00e9 diferencia hay entre un lifting y la medicina est\u00e9tica?<\/strong><\/h2>\n\n\n\n<p>La <a href=\"https:\/\/institutoanatorres.com\/cat\/medicina-estetica-facial\/\" data-type=\"page\" data-id=\"2150\">medicina est\u00e9tica<\/a> no sustituye al lifting cuando este est\u00e1 indicado. Son herramientas diferentes que deben aplicarse con criterio m\u00e9dico.<\/p>\n\n\n\n<p>La medicina est\u00e9tica puede mejorar la piel y tratar signos iniciales del envejecimiento, pero cuando existe flacidez estructural, la cirug\u00eda es la \u00fanica opci\u00f3n eficaz para recolocar los tejidos.<\/p>\n\n\n\n<p>Por eso es fundamental realizar una valoraci\u00f3n global del rostro y no basar la decisi\u00f3n \u00fanicamente en preferencias personales o tendencias.<\/p>\n\n\n\n<h2 class=\"wp-block-heading\"><strong>\u00bfPor qu\u00e9 es importante elegir un especialista en lifting facial?<\/strong><\/h2>\n\n\n\n<p>El lifting facial es una cirug\u00eda compleja que requiere un conocimiento profundo de la anatom\u00eda facial y experiencia quir\u00fargica.<\/p>\n\n\n\n<p>Un resultado natural depende no solo de la t\u00e9cnica, sino del criterio del cirujano para indicar correctamente el tratamiento y adaptarlo a cada paciente.<\/p>\n\n\n\n<p>En el <a href=\"https:\/\/www.youtube.com\/@institutodoctoraanatorres\" target=\"_blank\" rel=\"noreferrer noopener\">Institut Dra. Ana Torres<\/a> somos especialistas en cirug\u00eda pl\u00e1stica, reparadora y est\u00e9tica, y abordamos cada caso desde una visi\u00f3n global del rostro, priorizando siempre la naturalidad, la seguridad y los resultados a largo plazo.<\/p>\n\n\n\n<p>El lifting facial es una de las t\u00e9cnicas m\u00e1s eficaces para tratar la flacidez y rejuvenecer el rostro, siempre que est\u00e9 bien indicado y correctamente realizado.<\/p>\n\n\n\n<p>El objetivo no es cambiar tu cara, sino ayudarte a verte mejor, m\u00e1s descansada y m\u00e1s natural.<\/p>\n\n\n\n<p>Si est\u00e1s valorando un lifting facial en Barcelona y quieres saber si eres candidato o qu\u00e9 opci\u00f3n es la m\u00e1s adecuada para ti, no dudes en solicitar tu cita previa en el Instituto Dra. Ana Torres: Estudiaremos tu caso de forma individualizada para ofrecerte el tratamiento m\u00e1s adecuado y resolver todas tus dudas con criterio m\u00e9dico.<\/p>\n\n\n\n<p><\/p>","protected":false},"excerpt":{"rendered":"<p>El lifting facial en Barcelona es uno de los procedimientos m\u00e1s efectivos para tratar la flacidez del rostro y del cuello. Sin embargo, sigue generando muchas dudas en pacientes que buscan un resultado natural y acorde con su edad.<\/p>","protected":false},"author":6,"featured_media":23520,"comment_status":"closed","ping_status":"open","sticky":false,"template":"","format":"standard","meta":{"footnotes":""},"categories":[117,570],"tags":[634,635],"class_list":["post-23519","post","type-post","status-publish","format-standard","has-post-thumbnail","hentry","category-lifting-facial","category-lifting-cara-en-barcelona","tag-lifting-facial","tag-lifting-facial-en-barcelona"],"_links":{"self":[{"href":"https:\/\/institutoanatorres.com\/cat\/wp-json\/wp\/v2\/posts\/23519","targetHints":{"allow":["GET"]}}],"collection":[{"href":"https:\/\/institutoanatorres.com\/cat\/wp-json\/wp\/v2\/posts"}],"about":[{"href":"https:\/\/institutoanatorres.com\/cat\/wp-json\/wp\/v2\/types\/post"}],"author":[{"embeddable":true,"href":"https:\/\/institutoanatorres.com\/cat\/wp-json\/wp\/v2\/users\/6"}],"replies":[{"embeddable":true,"href":"https:\/\/institutoanatorres.com\/cat\/wp-json\/wp\/v2\/comments?post=23519"}],"version-history":[{"count":5,"href":"https:\/\/institutoanatorres.com\/cat\/wp-json\/wp\/v2\/posts\/23519\/revisions"}],"predecessor-version":[{"id":23529,"href":"https:\/\/institutoanatorres.com\/cat\/wp-json\/wp\/v2\/posts\/23519\/revisions\/23529"}],"wp:featuredmedia":[{"embeddable":true,"href":"https:\/\/institutoanatorres.com\/cat\/wp-json\/wp\/v2\/media\/23520"}],"wp:attachment":[{"href":"https:\/\/institutoanatorres.com\/cat\/wp-json\/wp\/v2\/media?parent=23519"}],"wp:term":[{"taxonomy":"category","embeddable":true,"href":"https:\/\/institutoanatorres.com\/cat\/wp-json\/wp\/v2\/categories?post=23519"},{"taxonomy":"post_tag","embeddable":true,"href":"https:\/\/institutoanatorres.com\/cat\/wp-json\/wp\/v2\/tags?post=23519"}],"curies":[{"name":"wp","href":"https:\/\/api.w.org\/{rel}","templated":true}]}}